{"id":131,"date":"2023-11-06T23:35:34","date_gmt":"2023-11-06T22:35:34","guid":{"rendered":"https:\/\/www.elisabeth.hu\/?p=131"},"modified":"2024-03-02T10:26:14","modified_gmt":"2024-03-02T09:26:14","slug":"131","status":"publish","type":"post","link":"https:\/\/www.elisabeth.hu\/index.php\/2023\/11\/06\/131\/","title":{"rendered":"St. Martin, der Stein vom Herzen, Klangfarbe und das Verlieren des Glaubens &#8211; Rundbrief \/ Newsletter 6. November 2023"},"content":{"rendered":"\n<p>Liebe Angeh\u00f6rige und Freunde von St. Elisabeth, der katholischen Gemeinde deutscher Sprache in Budapest,<\/p>\n\n\n\n<p>Das allern\u00e4chste gleich vorweg:<strong> Samstag, 11. November, die gro\u00dfe Martinsfeier<\/strong> der beiden deutschsprachigen christlichen Gemeinden in Budapest. Beginn<strong>&nbsp;um 16:00 Uhr in der evangelischen Kirche am B\u00e9csi kapu t\u00e9r:<\/strong> Kinder der Deutschen Schule Budapest bringen ein kleines Martinsspiel zur Auff\u00fchrung. Anschlie\u00dfend gro\u00dfer Laternenumzug mit Pferd und&nbsp;Blasmusik &#8211; und am Ende Martinsgeb\u00e4ck gegen eine Spende f\u00fcr ein Sozialprojekt und warme Getr\u00e4nke. Bitte&nbsp;nach M\u00f6glichkeit eigene Becher f\u00fcr die Getr\u00e4nke mitbringen. Siehe Anhang &#8222;2023 Martin.pdf&#8220;<\/p>\n\n\n\n<p>Das Fest des heiligen Martin war fr\u00fcher der Wendepunkt zum Advent.&nbsp;Noch keine<strong> Laterne f\u00fcr den Umzug?<\/strong> Hier gibt es Bastelanleitungen: <a href=\"https:\/\/martin-von-tours.de\/de\/laternen\/\">https:\/\/martin-von-tours.de\/de\/laternen\/<\/a><\/p>\n\n\n\n<p>&#8222;Hat das<strong> B\u00f6se in unserer Gegenwart<\/strong> Konjunktur?&#8220;, fragen sich nicht wenige. Grausamkeit gab es allerdings zu allen Zeiten. Brutalit\u00e4t kennen wir&nbsp;aus der Geschichte, nicht zuletzt von Eroberungsz\u00fcgen aus dem sogenannten Mittelalter und der fr\u00fchen Neuzeit. Damals allerdings nicht so medial &#8222;gecovert&#8220; wie heute: von&nbsp;Aggressoren selbst mit ihren Mobiltelefonen &#8211; und von&nbsp;Zuschauern.<\/p>\n\n\n\n<p>Sollen Christen versuchen sich aus allem herauszuhalten? Verantwortung f\u00fcr&nbsp;irdische Dinge k\u00f6nnen wir nicht von uns schieben. Ich bin&nbsp;mitverantwortlich, zumindest f\u00fcr die Verteidigung&nbsp;von schutzlosen Schwachen (klassisch &#8222;Frauen und Kinder&#8220;, biblisch &#8222;Witwen und Waisen&#8220;). Im Hintergrund muss immer die Vision der Auss\u00f6hnung stehen. Jesus war nicht auf einen irdischen Sieg aus, aber&nbsp;er war auch nicht nur &#8222;soft&#8220;-friedlich.&nbsp;Jedenfalls rechnet er mit Gewalt, wenn er sagt: \u201eWenn dich einer auf die rechte Wange schl\u00e4gt, dann halt ihm auch die andere hin!\u201c Dieses Hinhalten der anderen Wange gilt pers\u00f6nlich. Gemeinwesen&nbsp;von der Familie bis zum Staat allerdings&nbsp;m\u00fcssen ihre berechtigte Existenz und ihre Mitglieder gegen Gewalt und Unrecht sch\u00fctzen.<\/p>\n\n\n\n<p>Sollen wir Unbeteiligten von der Grausamkeit in der Welt nichts wissen&nbsp;wollen und einfach nicht hinsehen? Ich muss mir schon im Klaren sein, dass viel B\u00f6ses in der Welt geschieht, aber ich muss nicht immer hinkucken. Der heilige Benedikt gibt den M\u00f6nchen den Rat, am Abend noch aus der Heiligen Schrift zu lesen, aber nicht die B\u00fccher der K\u00f6nige, da gehe es zu schlimm zu. Er hat gemeint, bei den ganzen Kriegen und Hurereien schlafen die M\u00f6nche nicht mehr gut. Man muss sich also schon die Frage stellen, wie viel Negatives, das uns ja instinktiv immer besonders interessiert, man sich zumuten will. Die Faszination f\u00fcr das B\u00f6se ist eine geheimnisvolle Tendenz, die aber&nbsp;nicht zum Guten f\u00fchrt.<\/p>\n\n\n\n<p>Gott&nbsp;hat uns&nbsp;in Jesus Christus gezeigt, wie es in dieser Welt l\u00e4uft. Nur ist eben nicht das Kreuz der Endpunkt, sondern die Auferstehung. <em>(nach einem Interview mit <a href=\"https:\/\/de.wikipedia.org\/wiki\/Notker_Wolf\">Notker Wolf OSB<\/a>)<\/em><\/p>\n\n\n\n<p>Dieser Rundbrief (&#8222;newsletter&#8220;) schaut schon bis Weihnachten voraus. In wenig mehr als drei Wochen beginnt ein sehr kurzer Advent. Diese Vorbereitungszeit auf Weihnachten hat immer das eine Thema &#8222;Gott selbst wird kommen und uns erretten&#8220;.&nbsp;Spannungsreich wird das durch die zwei Gesichtspunkte dabei:<\/p>\n\n\n\n<ol class=\"wp-block-list\">\n<li>Der Herr ist bereits durch sein Menschwerden vor \u00fcber 2000 Jahren in die Welt gekommen. Das feiern wir an Weihnachten.<\/li>\n\n\n\n<li>Zugleich erwarten wir sein Wiederkommen am Ende der Zeiten. Dieser&nbsp;Aspekt steht in den Gottesdiensten bis zum 16. Dezember im Vordergrund.<\/li>\n<\/ol>\n\n\n\n<p>Keine Zeit im Jahr kennt mehr Br\u00e4uche als der Advent: Adventkalender, Adventkranz, Adventkerzen, Barbarazweige, St. Nikolaus, Wohltaten f\u00fcr Bed\u00fcrftige, s\u00fc\u00dfes Geb\u00e4ck und hei\u00dfe Getr\u00e4nke&#8230; Vieles davon wird sinn-los vermarktet, der Unterschied von Advent und Weihnachten verschwindet aus dem Bewu\u00dftsein, und am 25. Dezember scheint &#8222;alles gelaufen&#8220; und vorbei zu sein.&nbsp;Nicht dar\u00fcber&nbsp;jammern&nbsp;sondern selbst (-) bewu\u00dft durch den Advent voranschreiten und die Br\u00e4uche in Gemeinschaft pflegen! M\u00f6glichkeiten dazu finden Sie in diesem Rundbrief.<\/p>\n\n\n\n<p>Au\u00dferdem lesen Sie im folgenden:<\/p>\n\n\n\n<ol class=\"wp-block-list\">\n<li>Mit Gott unterwegs &#8211; nicht nur im Advent<\/li>\n\n\n\n<li>Der Stein vom Herzen<\/li>\n\n\n\n<li>St. Elisabeth-Tag &#8211; Klangfarbe<\/li>\n\n\n\n<li>Volkstrauertag<\/li>\n\n\n\n<li>Kommunionkurs<\/li>\n\n\n\n<li>Krippenspiel<\/li>\n\n\n\n<li>Advent-Kr\u00e4nze: Basteln und Segnen<\/li>\n\n\n\n<li>Advent-Bazar<\/li>\n\n\n\n<li>Offenes Adventsingen &#8211; Singalong<\/li>\n\n\n\n<li>Besondere Gottesdienste im Advent und rund um Weihnachten<\/li>\n\n\n\n<li>Fr\u00fchst\u00fcck f\u00fcr alle<\/li>\n\n\n\n<li>\u00d6kumenisches Friedensgebet<\/li>\n\n\n\n<li>Wie verliere ich meinen Glauben<\/li>\n\n\n\n<li>Wohin soll &#8217;s gehen<\/li>\n\n\n\n<li>R\u00fcckschau: Weltmissionssonntag<\/li>\n<\/ol>\n\n\n\n<p class=\"has-text-color has-link-color wp-elements-da6ad81e9f9a5c426c271f8009799271\" style=\"color:#ff0000\"><strong>1. Mit Gott unterwegs<\/strong><\/p>\n\n\n\n<p>Der innere Weg &#8211; nicht nur im Advent und nicht nur zuhause:<\/p>\n\n\n\n<p>1 Minute Stille<br>1 Minute Bitte<br>1 Minute Dank<br>1 Minute beten f\u00fcr andere<br>1 Minute beten f\u00fcr mich<\/p>\n\n\n\n<p>Deine H\u00e4nde ge\u00f6ffnet<br>Dein Herz erf\u00fcllt<br>Deine Wege gesichert<br>Dein Leben gesegnet<\/p>\n\n\n\n<p><em>(nach einer Idee von <a href=\"https:\/\/www.auslandsseelsorge.de\/pilgerseelsorge-santiago-de-compostela\/\">https:\/\/www.auslandsseelsorge.de\/pilgerseelsorge-santiago-de-compostela\/<\/a>)<\/em><\/p>\n\n\n\n<p class=\"has-text-color has-link-color wp-elements-540b31ce28b6c921a8bea8426f869446\" style=\"color:#ff0000\"><strong>2. Der Stein vom Herzen<\/strong><\/p>\n\n\n\n<p>Ihrem Auslandsseelsorger und vielen besorgten ist am 25. September ein Stein vom Herzen gefallen. Der Leiter des Auslandssekretariats der Deutschen Bischofskonferenz, Msgr. Peter Lang,&nbsp;Referent Dr. Michael Altmaier und Ihr Auslandsseelsorger waren zum Gespr\u00e4ch bei der Gesch\u00e4ftsf\u00fchrung des ungarischen Malteser Hilfsdienstes zur Kl\u00e4rung der Verz\u00f6gerungen und wiederholten \u00c4nderungen des neuen Mietvertrags. Das Endergebnis ist jedenfalls, da\u00df wir nun doch den urspr\u00fcnglich zugesagten (aber zwischendurch wesentlich ver\u00e4nderten) Vertrag unterzeichnen konnten.<\/p>\n\n\n\n<p>Das bedeutet, da\u00df wir die Dienstwohnung und das B\u00fcro bis Mitte November 2027 mieten und den gro\u00dfen Saal&nbsp;nach vorheriger Reservierung n\u00fctzen k\u00f6nnen (zB an Sonntagen nach der Messe, zum Kommunionkurs, zum monatlichen &#8222;Fr\u00fchst\u00fcck f\u00fcr alle&#8220;, zu den Krippenspiel-Proben&nbsp;usw.)<\/p>\n\n\n\n<p>Danke und Vergelt &#8217;s Gott allen, die beigetragen haben &#8211; Rechtsanw\u00e4lten f\u00fcr die&nbsp;juristische Beratung &#8222;<a href=\"https:\/\/de.wikipedia.org\/wiki\/Pro_bono\">pro bono publico<\/a>&#8222;, Engagierten f\u00fcr Lobby-Arbeit hier und im Ausland, f\u00fcr die Gespr\u00e4che und f\u00fcr das Mittragen im Gebet!<\/p>\n\n\n\n<p class=\"has-text-color has-link-color wp-elements-3f6181c0a687686d0260588684a2f6ff\" style=\"color:#ff0000\"><strong>3. St. Elisabeth-Tag &#8211; Klangfarbe<\/strong><\/p>\n\n\n\n<p>Das Patronatsfest unserer deutschsprachigen Auslandsgemeinde am<strong> 19. November<\/strong> f\u00e4llt in diesem Jahr auf einen Sonntag und ist&nbsp;der<strong> &#8222;Welttag der Armen&#8220;.<\/strong> Wie in vielen anderen L\u00e4ndern sammelt die katholische Kirche in Ungarn f\u00fcr die Caritas: <a href=\"http:\/\/www.karitasz.hu\">www.karitasz.hu<\/a><\/p>\n\n\n\n<p>Ein<strong> Festkonzert an der historischen Rieger-Orgel<\/strong> aus dem Jahr 1898 beschlie\u00dft diesen Tag<strong> um 18:00 Uhr.<\/strong> &#8222;Unsere&#8220; beiden Organisten, \u00c1d\u00e1m Kecsk\u00e9s und <a href=\"https:\/\/kaly-kullairita.hu\/\">Rita K\u00e1ly-Kullai<\/a>, stellen den Reichtum an Kl\u00e4ngen vor, der auf dieser kleinen aber feinen Orgel m\u00f6glich ist. Als Benefizkonzert dient es zur Finanzierung eines neuen, leisen Motors f\u00fcr den Blasbalg. Siehe Anhang &#8222;2023 11 19 Orgel.pdf&#8220;<\/p>\n\n\n\n<p class=\"has-text-color has-link-color wp-elements-68b7a7f50677017a0a226c27778fba72\" style=\"color:#ff0000\"><strong>4. Deutscher Volkstrauertag<\/strong><\/p>\n\n\n\n<p>Der (nicht-kirchliche) Volkstrauertag in Deutschland erinnert seit 1922 an die Opfer von Gewalt und Krieg aller Nationen und wird zwei Sonntage vor dem Ersten Adventsonntag begangen. Er f\u00e4llt also praktisch immer auf unser Patronatsfest &#8222;St. Elisabeth&#8220;.<\/p>\n\n\n\n<p>Hier in Ungarn organisiert die Deutsche Botschaft um 14:00 Uhr eine milit\u00e4rische Gedenkfeier am Soldatenfriedhof in Buda\u00f6rs\/Wudersch, an der auch die evangelische deutsche Pfarrerin und Ihr Auslandsseelsorger mitwirken.<\/p>\n\n\n\n<p class=\"has-text-color has-link-color wp-elements-2aafe863027a4aa04944d30bbb9ad6ab\" style=\"color:#ff0000\"><strong>5. Kommunionkurs<\/strong><\/p>\n\n\n\n<p>Nach einigen Unsicherheiten&nbsp;beginnt jetzt nach den Herbstferien wieder ein kleiner Kurs zur Vorbereitung auf die Kommunion und das Sakrament der Vers\u00f6hnung:<strong> an vereinbarten Freitagen&nbsp;um 16:30 Uhr.<\/strong> Die Erstkommunion feiern wir voraussichtlich am&nbsp;28. April in der Sonntagsmesse um 10:15 Uhr.<\/p>\n\n\n\n<p class=\"has-text-color has-link-color wp-elements-a9bc968bc00276a97cde21c38a2cd1ba\" style=\"color:#ff0000\"><strong>6. Krippenspiel<\/strong><\/p>\n\n\n\n<p>Gerne organisieren wir wieder f\u00fcr die \u00f6kumenische Feier<strong> am Heiligen Abend um 16:00 Uhr<\/strong> ein Krippenspiel. Kleinere und gr\u00f6\u00dfere Kinder, die&nbsp;mitmachen wollen, m\u00fcssen&nbsp;bei den<strong> Proben an den Samstagen im Dezember von 10:30 bis 12:00 Uhr<\/strong> (auch schon vor dem Ersten Adventsonntag!) und nat\u00fcrlich am Heiligen Abend zur Auff\u00fchrung dabei sein.<\/p>\n\n\n\n<p class=\"has-text-color has-link-color wp-elements-fa617c55540bf414077395d5b0668314\" style=\"color:#ff0000\"><strong>7. Advent-Kr\u00e4nze: Basteln und Segnen<\/strong><\/p>\n\n\n\n<p>Am Samstag vor dem Advent,<strong> 2. Dezember, von 9:00 bis sp\u00e4testens&nbsp;10:30 Uhr,<\/strong> k\u00f6nnen Sie &#8211; auch mit Kindern &#8211; im Saal&nbsp;Ihren Adventkranz selbst basteln. Bringen Sie&nbsp;dazu mit: Werkzeug (zB eine Zange), Kerzen (zB drei violette und eine rosa oder vier rote) und was Sie eventuell als weitere Dekoration verwenden m\u00f6chten (rote&nbsp;oder violette B\u00e4nder, Zapfen\/Tschurtschen\/Bockerl&#8230;). Reisig, Blumendraht und einige wenige Stroh- oder Styroporreifen stellen wir gegen eine angemessene Spende zur Verf\u00fcgung. Ohne Stroh und Styropor k\u00f6nnen Sie auch einen Reifen aus Zeitungspapier basteln.<\/p>\n\n\n\n<p>(Danach beginnt am selben Tag um 10:30 Uhr&nbsp;die erste Probe f\u00fcr das Krippenspiel. Siehe oben Punkt 6.)<\/p>\n\n\n\n<p>Bringen Sie Ihren Adventkranz &#8211; selbst gebastelt oder gekauft &#8211; am<strong> Ersten Adventsonntag, 3. Dezember,<\/strong>&nbsp;in die Heilige Messe mit. Alle Adventkr\u00e4nze werden<strong> gesegnet.<\/strong><\/p>\n\n\n\n<p>Zuhause k\u00f6nnen Sie die Kerzen an Ihrem Adventkranz zum Beten entz\u00fcnden. Siehe auch oben Punkt 1.<\/p>\n\n\n\n<p class=\"has-text-color has-link-color wp-elements-8d4bf769d2a5c9eb4cf2026d36ff5c1f\" style=\"color:#ff0000\"><strong>8. Advent-Bazar<\/strong><\/p>\n\n\n\n<p>Der Adventbazar des <a href=\"http:\/\/kulturkreis-budapest.org\/\">Kulturkreis Budapest<\/a> ist bei uns zu Gast:<\/p>\n\n\n\n<p><strong>2. Advent-Sonntag, 10. Dezember, nach der Sonntagsmesse<\/strong> im Innenhof und im Saal<\/p>\n\n\n\n<p class=\"has-text-color has-link-color wp-elements-dc5190d2be16300f41293b0409619f98\" style=\"color:#ff0000\"><strong>9. Offenes Adventsingen &#8211; Singalong<\/strong><\/p>\n\n\n\n<p><strong>Donnerstag, 14. Dezember, ab 18:00 Uhr<\/strong> im gro\u00dfen Saal (F\u0151 utca 43, durch den Innenhof, links): einfach Singen von Adventges\u00e4ngen. Wer ein bestimmtes Lied gemeinsam singen m\u00f6chte, kann sich rechtzeitig&nbsp;vorher melden (zB per E-Mail), selbst wenn die Noten daf\u00fcr nicht vorhanden sind.<\/p>\n\n\n\n<p class=\"has-text-color has-link-color wp-elements-29f68933cce4db504e859ade9ef6fa65\" style=\"color:#ff0000\"><strong>10. Besondere Gottesdienste im Advent und rund um Weihnachten<\/strong><\/p>\n\n\n\n<p><strong>Rorate,<\/strong> also adventliche Morgenmessen feiern wir an den beiden Samstagen um<strong> 8:00 Uhr<\/strong><\/p>\n\n\n\n<ul class=\"wp-block-list\">\n<li>9. Dezember<\/li>\n\n\n\n<li>16. Dezember<\/li>\n<\/ul>\n\n\n\n<p>Anschlie\u00dfend ist Gelegenheit zum<strong> Fr\u00fchst\u00fcck<\/strong> im Saal und&nbsp;Probe f\u00fcr das Krippenspiel.<\/p>\n\n\n\n<p>Abgesehen von den regelm\u00e4\u00dfigen Sonntagsmessen um 10:15 Uhr feiern wir folgende Festgottesdienste:<\/p>\n\n\n\n<ul class=\"wp-block-list\">\n<li>Freitag, 8. Dezember, 18:30 Uhr: Hochfest der ohne Erbs\u00fcnde empfangenen Jungfrau und Gottesmutter Maria (&#8222;Erw\u00e4hlung Mariens&#8220; &#8211; 9 Monate vor ihrem Geburtsfest)<\/li>\n\n\n\n<li>Dienstag, 19. Dezember, 7:40 Uhr: \u00f6kumenischer Schulgottesdienst an der Deutschen Schule Budapest<\/li>\n\n\n\n<li>Heiliger Abend, Sonntag, 24. Dezember, 16:00 Uhr: \u00f6kumenische Andacht, Krippenspiel<\/li>\n\n\n\n<li>Weihnachten, Montag, 25. Dezember, 10:15 Uhr: Heilige Messe<\/li>\n\n\n\n<li>Montag, 1. Januar, 10:15 Uhr: Heilige Messe<\/li>\n\n\n\n<li>&#8222;Dreik\u00f6nig&#8220;, Samstag, 6. Januar, 10:15 Uhr: Heilige Messe<\/li>\n<\/ul>\n\n\n\n<p class=\"has-text-color has-link-color wp-elements-baf5c08b612eb092323e11cc1252594e\" style=\"color:#ff0000\"><strong>11. Fr\u00fchst\u00fcck f\u00fcr alle<\/strong><\/p>\n\n\n\n<p>Das offene Fr\u00fchst\u00fcck f\u00fcr alle, ohne Verpflichtung, am zweiten Dienstag im Monat zwischen 10:00 und 12:00 Uhr im Saal<\/p>\n\n\n\n<ul class=\"wp-block-list\">\n<li>14. November<\/li>\n\n\n\n<li>12. Dezember<\/li>\n\n\n\n<li>&nbsp; 9. Januar<\/li>\n\n\n\n<li>13. Februar<\/li>\n<\/ul>\n\n\n\n<p class=\"has-text-color has-link-color wp-elements-9937c247456313f497056006b7b027e9\" style=\"color:#ff0000\"><strong>12. \u00d6kumenisches Friedensgebet<\/strong><\/p>\n\n\n\n<p>Eine halbe Stunde Gebet, Bibel, Stille, Gesang&#8230; am dritten Montag im Monat von 18:30 bis 19:00 Uhr in der Kirche<\/p>\n\n\n\n<ul class=\"wp-block-list\">\n<li>20. November<\/li>\n\n\n\n<li>18. Dezember<\/li>\n\n\n\n<li>15. Januar<\/li>\n<\/ul>\n\n\n\n<p class=\"has-text-color has-link-color wp-elements-b7c699a76e2175fde5fdffedda7e434c\" style=\"color:#ff0000\"><strong>13. Wie verliere ich meinen Glauben<\/strong><\/p>\n\n\n\n<p>Der anglikanische, irisch-britische Schriftseller C. S. Lewis hat in seinem satirischen Werk &#8222;<a href=\"https:\/\/www.fadedpage.com\/showbook.php?pid=20140509\">Dienstanweisungen f\u00fcr einen Unterteufel<\/a>&#8220; dar\u00fcber geschrieben, wie man einen gl\u00e4ubigen Christen zum Unglauben verf\u00fchren kann. Ein deutscher Journalist schreibt im selben Sinn einen <a href=\"https:\/\/de.wikipedia.org\/wiki\/Podcast\">Podcast<\/a>, den man&nbsp;ohne Anmeldung oder weitere Apps im Internet anh\u00f6ren kann: &#8222;<a href=\"https:\/\/open.spotify.com\/show\/5bLLHbqP2S2Dc9lI1TyB4K?go=1&amp;sp_cid=9718d15d888b123e9e57911108df0fd3&amp;utm_source=embed_player_p&amp;utm_medium=desktop&amp;nd=1\">Wie verliere ich meinen Glauben<\/a>&#8222;. Die H\u00f6r-Beitr\u00e4ge dauern jeweils ungef\u00e4hr sechs bis sieben Minuten.<\/p>\n\n\n\n<p class=\"has-text-color has-link-color wp-elements-c46dcdfd2a5be50e13ad1e1f9f7143a3\" style=\"color:#ff0000\"><strong>14. Wohin soll &#8217;s gehen?<\/strong><\/p>\n\n\n\n<p>Zum Weltjugendtag in Lissabon im vergangenen Sommer startete die internationale, breit gef\u00e4cherte website <a href=\"http:\/\/www.followyourvocation.com\">www.followyourvocation.com<\/a>. Vor allem f\u00fcr jungen Menschen bietet sie Orientierung auf dem Weg, Gottes Ruf zu folgen &#8211; im Eheleben, als Priester oder im Ordensleben, in der Gemeindearbeit, im Ehrenamt&#8230;<\/p>\n\n\n\n<p class=\"has-text-color has-link-color wp-elements-a418cb8fd8a171e31b7bcc71368b6a6f\" style=\"color:#ff0000\"><strong>15. R\u00fcckschau Weltmissionssonntag<\/strong><\/p>\n\n\n\n<p>Am 15. Oktober haben Sie Hilfsprojekte der P\u00e4pstlichen Missionswerke &#8222;Missio&#8220; mit HUF 45.000,&#8211; unterst\u00fctzt&nbsp;(das entspricht zum damaligen Kurs EUR 116,06): durch den Kauf von fair gehandelten Schokoladepralinen,&nbsp;blauen Kartoffelchips und Spenden.<\/p>\n\n\n\n<ul class=\"wp-block-list\">\n<li><a href=\"https:\/\/www.missio.at\/jugendaktion\/#projekte\">Indien: Sichere Unterk\u00fcnfte und gemauerte H\u00e4user in den Slums von Kalkutta<\/a><\/li>\n\n\n\n<li><a href=\"https:\/\/www.missio.at\/jugendaktion\/projekte\/syrien-gemeinsam-gegen-die-not\/\">Syrien: Hilfe f\u00fcr vom Krieg und Erdbeben betroffene Familien<\/a><\/li>\n\n\n\n<li><a href=\"https:\/\/www.missio.at\/jugendaktion\/projekte\/uganda-wiederaufforstung-und-foerderung-von-umweltschutz\/\">Uganda: Wiederaufforstung und F\u00f6rderung von Umweltschutz<\/a><\/li>\n\n\n\n<li><a href=\"https:\/\/www.missio.at\/jugendaktion\/projekte\/ruanda-nothilfe-nach-flutkatastrophe\/\">Ruanda: Wiederaufbau eines von der Flutkatastrophe zerst\u00f6rten Schulzentrums<\/a><\/li>\n<\/ul>\n\n\n\n<p>Vergelt &#8217;s Gott!<\/p>\n\n\n\n<p>\u00dcbrigens: Kennen Sie und Ihre Kinder den<strong> Unterschied von Weihnachtsmann und&nbsp;heiligem Nikolaus?<\/strong> Hier klicken und hinunterbl\u00e4ttern: <a href=\"https:\/\/www.weihnachtsmannfreie-zone.de\/hintergrund\/\">https:\/\/www.weihnachtsmannfreie-zone.de\/hintergrund\/<\/a><\/p>\n\n\n\n<p>In Ungarn sind aus Schokolade praktisch nur Weihnachtsm\u00e4nner erh\u00e4ltlich, keine &#8222;Nikol\u00e4use&#8220;. Aber Sie k\u00f6nnen mit Kindern die kleinen Schoko-Weihnachtsm\u00e4nner zu Nikolausfiguren umarbeiten: <a href=\"https:\/\/www.weihnachtsmannfreie-zone.de\/app\/download\/9087642176\/Nikolausbastelbogen.pdf?t=1574948116\">https:\/\/www.weihnachtsmannfreie-zone.de\/app\/download\/9087642176\/Nikolausbastelbogen.pdf?t=1574948116<\/a><\/p>\n\n\n\n<p>Dort, wo wir Verantwortung haben&nbsp;&#8211;&nbsp;auch f\u00fcr uns selbst als Tempel Gottes &#8211; gehen wir den Weg zum Guten. Der Gute, Jesus Christus, begleitet uns, wenn wir ihn lassen.<\/p>\n\n\n\n<p>Herzliche Gr\u00fc\u00dfe<\/p>\n\n\n\n<p><strong>Bernhard Kollmann<\/strong><\/p>\n\n\n\n<p>Auslandsseelsorger<\/p>\n\n\n\n<p>N\u00e9met Lelk\u00e9szs\u00e9g<br>F\u0151 u. 43<br>1011 Budapest<\/p>\n\n\n\n<p>Sonntagsmesse 10:15 Uhr (anschlie\u00dfend Gemeindekaffee nebenan im Saal und im Innenhof)<\/p>\n\n\n\n<p>Fremdsprachige Messen in und um Budapest: <a href=\"http:\/\/www.iec2020.hu\/en\/foreign-language-holy-masses-budapest\">www.iec2020.hu\/en\/foreign-language-holy-masses-budapest<\/a><br>Fremdsprachige Messen in der Erzdi\u00f6zese Gran-Budapest: <a href=\"https:\/\/www.visitesztergom-budapest.hu\/en\/holy-masses-1\">https:\/\/www.visitesztergom-budapest.hu\/en\/holy-masses-1<\/a><br>Fremdsprachige Messen in Ungarn: <a href=\"https:\/\/katolikus.hu\/artikel\/4324\">https:\/\/katolikus.hu\/artikel\/4324<\/a><br><strong>Deutschsprachige Auslandsseelsorge weltweit:<\/strong> <a href=\"https:\/\/www.auslandsseelsorge.de\/auslandsgemeinden-weltweit\/\">https:\/\/www.auslandsseelsorge.de\/auslandsgemeinden-weltweit\/<\/a><\/p>\n\n\n\n<p><strong>Vergelt \u2018s Gott<\/strong> f\u00fcr Ihre Unterst\u00fctzung &#8211;&nbsp;gelegentlich oder&nbsp;per Dauerauftrag!<\/p>\n\n\n\n<ul class=\"wp-block-list\">\n<li>in Ungarn in Forint an \u201eN\u00e9met Lelk\u00e9szs\u00e9g\u201c bei UniCredit Bank Hungary, BACXHUHB: HU88 1091 8001 0000 0105 2230 0007<\/li>\n\n\n\n<li>in Euro an \u201eKatholisches Auslandssekretariat\u201c bei Commerzbank, DRESDEFF370: DE72 3708 0040 0211 4021 00. Hier unbedingt \u201eBudapest\u201c im Verwendungszweck (mit-) angeben! Spendenbescheinigung f\u00fcr das Finanzamt auf Anforderung erh\u00e4ltlich<\/li>\n<\/ul>\n\n\n\n<p><\/p>\n","protected":false},"excerpt":{"rendered":"<p>Liebe Angeh\u00f6rige und Freunde von St. Elisabeth, der katholischen Gemeinde deutscher Sprache in Budapest, Das allern\u00e4chste gleich vorweg: Samstag, 11. November, die gro\u00dfe Martinsfeier der beiden deutschsprachigen christlichen Gemeinden in [&hellip;]<\/p>\n","protected":false},"author":1,"featured_media":0,"comment_status":"closed","ping_status":"closed","sticky":false,"template":"","format":"standard","meta":{"footnotes":""},"categories":[6],"tags":[],"class_list":["post-131","post","type-post","status-publish","format-standard","hentry","category-newsletter"],"_links":{"self":[{"href":"https:\/\/www.elisabeth.hu\/index.php\/wp-json\/wp\/v2\/posts\/131","targetHints":{"allow":["GET"]}}],"collection":[{"href":"https:\/\/www.elisabeth.hu\/index.php\/wp-json\/wp\/v2\/posts"}],"about":[{"href":"https:\/\/www.elisabeth.hu\/index.php\/wp-json\/wp\/v2\/types\/post"}],"author":[{"embeddable":true,"href":"https:\/\/www.elisabeth.hu\/index.php\/wp-json\/wp\/v2\/users\/1"}],"replies":[{"embeddable":true,"href":"https:\/\/www.elisabeth.hu\/index.php\/wp-json\/wp\/v2\/comments?post=131"}],"version-history":[{"count":6,"href":"https:\/\/www.elisabeth.hu\/index.php\/wp-json\/wp\/v2\/posts\/131\/revisions"}],"predecessor-version":[{"id":760,"href":"https:\/\/www.elisabeth.hu\/index.php\/wp-json\/wp\/v2\/posts\/131\/revisions\/760"}],"wp:attachment":[{"href":"https:\/\/www.elisabeth.hu\/index.php\/wp-json\/wp\/v2\/media?parent=131"}],"wp:term":[{"taxonomy":"category","embeddable":true,"href":"https:\/\/www.elisabeth.hu\/index.php\/wp-json\/wp\/v2\/categories?post=131"},{"taxonomy":"post_tag","embeddable":true,"href":"https:\/\/www.elisabeth.hu\/index.php\/wp-json\/wp\/v2\/tags?post=131"}],"curies":[{"name":"wp","href":"https:\/\/api.w.org\/{rel}","templated":true}]}}