{"id":2147,"date":"2025-10-18T20:57:40","date_gmt":"2025-10-18T18:57:40","guid":{"rendered":"https:\/\/www.elisabeth.hu\/?p=2147"},"modified":"2025-10-20T21:53:16","modified_gmt":"2025-10-20T19:53:16","slug":"erstkommunionvorbereitung-2025-2026","status":"publish","type":"post","link":"https:\/\/www.elisabeth.hu\/index.php\/2025\/10\/18\/erstkommunionvorbereitung-2025-2026\/","title":{"rendered":"Erstkommunionvorbereitung 2025\/2026"},"content":{"rendered":"\n<p>Liebe Eltern der katholischen Kinder ab der 3. Klasse,<\/p>\n\n\n\n<p><br>ich darf hoffen, dass Ihr und Eure Kinder einen richtig guten Start in das neue Schuljahr hattet.<br>Herzlich lade ich Eure Kinder dazu ein, an der Erstkommunionvorbereitung in unserer Gemeinde<br>teilzunehmen. Eine lebendige, eine deutschsprachige und auch z.T. internationale Gemeinde.<br>Im Mittelpunkt der Vorbereitung auf die Erstkommunion soll stehen, den Kindern die Erfahrung<br>von Gemeinschaft zu vermitteln \u2013 miteinander, mit Gott, mit der Gemeinde. Die Kinder sollen die Gelegenheit bekommen, sich auf ihre je eigene Weise mit unserem Glauben, mit Gottesdienst<br>und Gebet, mit der Erfahrung von Jesus Christus, der ihnen nahe ist, auseinanderzusetzen, und frohes christliches Miteinander zu erleben.<br><br>Dabei werden sie nat\u00fcrlich auch ganz besonders von Euch, den Eltern, getragen und begleitet. Herzlich m\u00f6chte ich daher zu einem ersten <strong>Elternabend <\/strong>einladen am<br><br><strong>Donnerstag, 06.11., um 19.00h im Gemeindesaal <\/strong>(F\u0151 u. 43, 1011 Budapest).<br><br>Gemeinsam werden wir die Inhalte und den Terminplan der Kommunionvorbereitung, unsere Ideen und Vorstellungen besprechen. Herzlich willkommen!<br><br>Das erste <strong>Treffen der Kommunionkinder<\/strong> wird am <strong>Freitag, 14.11.<\/strong> von 16.30h \u2013 18.00h stattfinden. Der Freitagnachmittag soll auch \u2013 im Schnitt alle zwei Wochen \u2013 bis zur <strong>Feier der Erstkommunion<\/strong>im Mai\/Juni 2025 zum regelm\u00e4\u00dfigen gemeinsamen Termin der Kinder werden.<br><br>Bitte meldet Eure Kinder bis zum 31.10. per Mail (gemeinde@elisabeth.hu) bei mir an.<br>Vielen Dank.<br>F\u00fcr alle, die unsere Gemeinde gerne vorher schon einmal kennenlernen m\u00f6chten: wir treffen uns jeden Sonntag um 10.15h zur Heiligen Messe in der Kirche von den Wundmalen des Heiligen Franziskus (F\u0151 u. 41, 1011 Budapest).<br>Herzlich willkommen!<br>                                                                    <br>Ich freue mich sehr auf die Zeit der Kommunionvorbereitung; darauf, Euch und Eure Familien kennenzulernen, mit Euch gemeinsam diesen sch\u00f6nen Weg zu gehen.<\/p>\n\n\n\n<p class=\"has-text-align-left\"><br>Mit frohem Gru\u00df,<br><br>Pfarrer Christian G\u00f6bel, Budapest, 16.10.2025<br>   F\u0151 u. 43, 1011 Budapest <br>  +36-30-932-4188 \/ (+49-171-1788-965)<br>   gemeinde@elisabeth.hu \/ www.elisabeth.hu<\/p>\n\n\n\n<p><\/p>\n","protected":false},"excerpt":{"rendered":"<p>Liebe Eltern der katholischen Kinder ab der 3. Klasse, ich darf hoffen, dass Ihr und Eure Kinder einen richtig guten Start in das neue Schuljahr hattet.Herzlich lade ich Eure Kinder [&hellip;]<\/p>\n","protected":false},"author":1,"featured_media":0,"comment_status":"closed","ping_status":"","sticky":false,"template":"","format":"standard","meta":{"footnotes":""},"categories":[1],"tags":[],"class_list":["post-2147","post","type-post","status-publish","format-standard","hentry","category-uncategorized"],"_links":{"self":[{"href":"https:\/\/www.elisabeth.hu\/index.php\/wp-json\/wp\/v2\/posts\/2147","targetHints":{"allow":["GET"]}}],"collection":[{"href":"https:\/\/www.elisabeth.hu\/index.php\/wp-json\/wp\/v2\/posts"}],"about":[{"href":"https:\/\/www.elisabeth.hu\/index.php\/wp-json\/wp\/v2\/types\/post"}],"author":[{"embeddable":true,"href":"https:\/\/www.elisabeth.hu\/index.php\/wp-json\/wp\/v2\/users\/1"}],"replies":[{"embeddable":true,"href":"https:\/\/www.elisabeth.hu\/index.php\/wp-json\/wp\/v2\/comments?post=2147"}],"version-history":[{"count":5,"href":"https:\/\/www.elisabeth.hu\/index.php\/wp-json\/wp\/v2\/posts\/2147\/revisions"}],"predecessor-version":[{"id":2155,"href":"https:\/\/www.elisabeth.hu\/index.php\/wp-json\/wp\/v2\/posts\/2147\/revisions\/2155"}],"wp:attachment":[{"href":"https:\/\/www.elisabeth.hu\/index.php\/wp-json\/wp\/v2\/media?parent=2147"}],"wp:term":[{"taxonomy":"category","embeddable":true,"href":"https:\/\/www.elisabeth.hu\/index.php\/wp-json\/wp\/v2\/categories?post=2147"},{"taxonomy":"post_tag","embeddable":true,"href":"https:\/\/www.elisabeth.hu\/index.php\/wp-json\/wp\/v2\/tags?post=2147"}],"curies":[{"name":"wp","href":"https:\/\/api.w.org\/{rel}","templated":true}]}}